{"id":985,"date":"2023-09-29T10:46:00","date_gmt":"2023-09-29T10:46:00","guid":{"rendered":"http:\/\/www.twiga.org.pl\/?p=985"},"modified":"2024-11-22T10:47:46","modified_gmt":"2024-11-22T10:47:46","slug":"bioroznorodnosc-w-praktyce","status":"publish","type":"post","link":"http:\/\/www.twiga.org.pl\/index.php\/2023\/09\/29\/bioroznorodnosc-w-praktyce\/","title":{"rendered":"Bior\u00f3\u017cnorodno\u015b\u0107 w praktyce"},"content":{"rendered":"\n<p>Od czerwca do wrze\u015bnia 2023 roku realizowali\u015bmy cykl warsztat\u00f3w po\u015bwi\u0119conych tematyce bior\u00f3\u017cnorodono\u015bci we wsp\u00f3\u0142pracy Przygoda z przyrod\u0105 oraz Fundacja w Stron\u0119\u00a0Dialogu. Podczas spotka\u0144 uczestnicy i uczestniczki wywodz\u0105cy si\u0119\u00a0ze spo\u0142eczno\u015bci romskiej zapoznawali si\u0119\u00a0podstawowymi informacjami z zakresu utrzymywania i poszerzania bior\u00f3\u017cnorodno\u015bci w najbli\u017cszym otoczeniu, jakie s\u0105 ro\u015bliny nektarodajne, zaanga\u017cowali si\u0119\u00a0w stworzenie i utrzymywanie Ogrodu Bior\u00f3\u017cnorodno\u015bci w Centrum Spo\u0142eczno\u015bci Romskiej.<\/p>\n\n\n\n<figure class=\"wp-block-gallery columns-2 is-cropped\"><ul class=\"blocks-gallery-grid\"><li class=\"blocks-gallery-item\"><figure><img loading=\"lazy\" width=\"576\" height=\"1024\" src=\"http:\/\/www.twiga.org.pl\/wp-content\/uploads\/2024\/11\/ogro\u0301d-1-576x1024.jpg\" alt=\"\" data-id=\"987\" data-full-url=\"http:\/\/www.twiga.org.pl\/wp-content\/uploads\/2024\/11\/ogro\u0301d-1.jpg\" data-link=\"http:\/\/www.twiga.org.pl\/?attachment_id=987\" class=\"wp-image-987\" srcset=\"http:\/\/www.twiga.org.pl\/wp-content\/uploads\/2024\/11\/ogro\u0301d-1-576x1024.jpg 576w, http:\/\/www.twiga.org.pl\/wp-content\/uploads\/2024\/11\/ogro\u0301d-1-169x300.jpg 169w, http:\/\/www.twiga.org.pl\/wp-content\/uploads\/2024\/11\/ogro\u0301d-1-768x1365.jpg 768w, http:\/\/www.twiga.org.pl\/wp-content\/uploads\/2024\/11\/ogro\u0301d-1-864x1536.jpg 864w, http:\/\/www.twiga.org.pl\/wp-content\/uploads\/2024\/11\/ogro\u0301d-1.jpg 1152w\" sizes=\"(max-width: 576px) 100vw, 576px\" \/><\/figure><\/li><li class=\"blocks-gallery-item\"><figure><img loading=\"lazy\" width=\"768\" height=\"1024\" src=\"http:\/\/www.twiga.org.pl\/wp-content\/uploads\/2024\/11\/ogro\u0301d-2-768x1024.jpg\" alt=\"\" data-id=\"988\" data-full-url=\"http:\/\/www.twiga.org.pl\/wp-content\/uploads\/2024\/11\/ogro\u0301d-2.jpg\" data-link=\"http:\/\/www.twiga.org.pl\/?attachment_id=988\" class=\"wp-image-988\" srcset=\"http:\/\/www.twiga.org.pl\/wp-content\/uploads\/2024\/11\/ogro\u0301d-2-768x1024.jpg 768w, http:\/\/www.twiga.org.pl\/wp-content\/uploads\/2024\/11\/ogro\u0301d-2-225x300.jpg 225w, http:\/\/www.twiga.org.pl\/wp-content\/uploads\/2024\/11\/ogro\u0301d-2-1152x1536.jpg 1152w, http:\/\/www.twiga.org.pl\/wp-content\/uploads\/2024\/11\/ogro\u0301d-2.jpg 1536w\" sizes=\"(max-width: 768px) 100vw, 768px\" \/><\/figure><\/li><\/ul><\/figure>\n","protected":false},"excerpt":{"rendered":"<p>Od czerwca do wrze\u015bnia 2023 roku realizowali\u015bmy cykl warsztat\u00f3w po\u015bwi\u0119conych tematyce bior\u00f3\u017cnorodono\u015bci we wsp\u00f3\u0142pracy Przygoda z przyrod\u0105 oraz Fundacja w Stron\u0119\u00a0Dialogu. Podczas spotka\u0144 uczestnicy i uczestniczki wywodz\u0105cy si\u0119\u00a0ze spo\u0142eczno\u015bci romskiej zapoznawali si\u0119\u00a0podstawowymi informacjami z zakresu utrzymywania i poszerzania bior\u00f3\u017cnorodno\u015bci w najbli\u017cszym otoczeniu, jakie s\u0105 ro\u015bliny nektarodajne, zaanga\u017cowali si\u0119\u00a0w stworzenie i utrzymywanie Ogrodu Bior\u00f3\u017cnorodno\u015bci w Centrum &hellip;<\/p>\n<p class=\"read-more\"> <a class=\"zta-button\" href=\"http:\/\/www.twiga.org.pl\/index.php\/2023\/09\/29\/bioroznorodnosc-w-praktyce\/\"> <span class=\"screen-reader-text\">Bior\u00f3\u017cnorodno\u015b\u0107 w praktyce<\/span>Czytaj wi\u0119cej!<\/a><\/p>\n","protected":false},"author":1,"featured_media":986,"comment_status":"closed","ping_status":"open","sticky":false,"template":"","format":"standard","meta":[],"categories":[4,8],"tags":[],"_links":{"self":[{"href":"http:\/\/www.twiga.org.pl\/index.php\/wp-json\/wp\/v2\/posts\/985"}],"collection":[{"href":"http:\/\/www.twiga.org.pl\/index.php\/wp-json\/wp\/v2\/posts"}],"about":[{"href":"http:\/\/www.twiga.org.pl\/index.php\/wp-json\/wp\/v2\/types\/post"}],"author":[{"embeddable":true,"href":"http:\/\/www.twiga.org.pl\/index.php\/wp-json\/wp\/v2\/users\/1"}],"replies":[{"embeddable":true,"href":"http:\/\/www.twiga.org.pl\/index.php\/wp-json\/wp\/v2\/comments?post=985"}],"version-history":[{"count":1,"href":"http:\/\/www.twiga.org.pl\/index.php\/wp-json\/wp\/v2\/posts\/985\/revisions"}],"predecessor-version":[{"id":989,"href":"http:\/\/www.twiga.org.pl\/index.php\/wp-json\/wp\/v2\/posts\/985\/revisions\/989"}],"wp:featuredmedia":[{"embeddable":true,"href":"http:\/\/www.twiga.org.pl\/index.php\/wp-json\/wp\/v2\/media\/986"}],"wp:attachment":[{"href":"http:\/\/www.twiga.org.pl\/index.php\/wp-json\/wp\/v2\/media?parent=985"}],"wp:term":[{"taxonomy":"category","embeddable":true,"href":"http:\/\/www.twiga.org.pl\/index.php\/wp-json\/wp\/v2\/categories?post=985"},{"taxonomy":"post_tag","embeddable":true,"href":"http:\/\/www.twiga.org.pl\/index.php\/wp-json\/wp\/v2\/tags?post=985"}],"curies":[{"name":"wp","href":"https:\/\/api.w.org\/{rel}","templated":true}]}}