{"id":883,"date":"2022-09-01T09:22:00","date_gmt":"2022-09-01T09:22:00","guid":{"rendered":"http:\/\/www.twiga.org.pl\/?p=883"},"modified":"2023-04-05T09:29:41","modified_gmt":"2023-04-05T09:29:41","slug":"szkolenie-z-praktycznego-podejscia-do-pracy-w-srodowisku-miedzykulturowym","status":"publish","type":"post","link":"http:\/\/www.twiga.org.pl\/index.php\/2022\/09\/01\/szkolenie-z-praktycznego-podejscia-do-pracy-w-srodowisku-miedzykulturowym\/","title":{"rendered":"Szkolenie z praktycznego podej\u015bcia do pracy w \u015brodowisku mi\u0119dzykulturowym."},"content":{"rendered":"\n<p>31 sierpnia 2022 na zaproszenie Szko\u0142y Lider\u00f3w zorganizowali\u015bmy szkolenie dla pracownik\u00f3w i pracownic warszawskich dom\u00f3w kultury dotycz\u0105ce praktycznych aspekt\u00f3w pracy w \u015brodowisku mi\u0119dzykulturowym. Poruszali\u015bmy tematy takie jak mechanizmy stereotypizacji i zapobieganie im, etyczna narracja oraz obszary r\u00f3\u017cnic kulturowych i sposoby efektywnej komunikacji mi\u0119dzykulturowej. <\/p>\n\n\n\n<figure class=\"wp-block-image size-large\"><img loading=\"lazy\" width=\"1024\" height=\"683\" src=\"http:\/\/www.twiga.org.pl\/wp-content\/uploads\/2023\/04\/305708796_449709793860077_3428072641146127845_n-1024x683.jpg\" alt=\"\" class=\"wp-image-885\" srcset=\"http:\/\/www.twiga.org.pl\/wp-content\/uploads\/2023\/04\/305708796_449709793860077_3428072641146127845_n-1024x683.jpg 1024w, http:\/\/www.twiga.org.pl\/wp-content\/uploads\/2023\/04\/305708796_449709793860077_3428072641146127845_n-300x200.jpg 300w, http:\/\/www.twiga.org.pl\/wp-content\/uploads\/2023\/04\/305708796_449709793860077_3428072641146127845_n-768x512.jpg 768w, http:\/\/www.twiga.org.pl\/wp-content\/uploads\/2023\/04\/305708796_449709793860077_3428072641146127845_n-1536x1025.jpg 1536w, http:\/\/www.twiga.org.pl\/wp-content\/uploads\/2023\/04\/305708796_449709793860077_3428072641146127845_n.jpg 2048w\" sizes=\"(max-width: 1024px) 100vw, 1024px\" \/><\/figure>\n\n\n\n<figure class=\"wp-block-image size-large\"><img loading=\"lazy\" width=\"1024\" height=\"683\" src=\"http:\/\/www.twiga.org.pl\/wp-content\/uploads\/2023\/04\/305797049_449709773860079_8031688744474423596_n-1024x683.jpg\" alt=\"\" class=\"wp-image-886\" srcset=\"http:\/\/www.twiga.org.pl\/wp-content\/uploads\/2023\/04\/305797049_449709773860079_8031688744474423596_n-1024x683.jpg 1024w, http:\/\/www.twiga.org.pl\/wp-content\/uploads\/2023\/04\/305797049_449709773860079_8031688744474423596_n-300x200.jpg 300w, http:\/\/www.twiga.org.pl\/wp-content\/uploads\/2023\/04\/305797049_449709773860079_8031688744474423596_n-768x512.jpg 768w, http:\/\/www.twiga.org.pl\/wp-content\/uploads\/2023\/04\/305797049_449709773860079_8031688744474423596_n-1536x1025.jpg 1536w, http:\/\/www.twiga.org.pl\/wp-content\/uploads\/2023\/04\/305797049_449709773860079_8031688744474423596_n.jpg 2048w\" sizes=\"(max-width: 1024px) 100vw, 1024px\" \/><\/figure>\n\n\n\n<figure class=\"wp-block-image size-large\"><img loading=\"lazy\" width=\"1024\" height=\"683\" src=\"http:\/\/www.twiga.org.pl\/wp-content\/uploads\/2023\/04\/305770424_449711883859868_6087095907277908932_n-1024x683.jpg\" alt=\"\" class=\"wp-image-887\" srcset=\"http:\/\/www.twiga.org.pl\/wp-content\/uploads\/2023\/04\/305770424_449711883859868_6087095907277908932_n-1024x683.jpg 1024w, http:\/\/www.twiga.org.pl\/wp-content\/uploads\/2023\/04\/305770424_449711883859868_6087095907277908932_n-300x200.jpg 300w, http:\/\/www.twiga.org.pl\/wp-content\/uploads\/2023\/04\/305770424_449711883859868_6087095907277908932_n-768x512.jpg 768w, http:\/\/www.twiga.org.pl\/wp-content\/uploads\/2023\/04\/305770424_449711883859868_6087095907277908932_n-1536x1025.jpg 1536w, http:\/\/www.twiga.org.pl\/wp-content\/uploads\/2023\/04\/305770424_449711883859868_6087095907277908932_n.jpg 2048w\" sizes=\"(max-width: 1024px) 100vw, 1024px\" \/><\/figure>\n","protected":false},"excerpt":{"rendered":"<p>31 sierpnia 2022 na zaproszenie Szko\u0142y Lider\u00f3w zorganizowali\u015bmy szkolenie dla pracownik\u00f3w i pracownic warszawskich dom\u00f3w kultury dotycz\u0105ce praktycznych aspekt\u00f3w pracy w \u015brodowisku mi\u0119dzykulturowym. Poruszali\u015bmy tematy takie jak mechanizmy stereotypizacji i zapobieganie im, etyczna narracja oraz obszary r\u00f3\u017cnic kulturowych i sposoby efektywnej komunikacji mi\u0119dzykulturowej.<\/p>\n","protected":false},"author":1,"featured_media":884,"comment_status":"closed","ping_status":"open","sticky":false,"template":"","format":"standard","meta":[],"categories":[20],"tags":[],"_links":{"self":[{"href":"http:\/\/www.twiga.org.pl\/index.php\/wp-json\/wp\/v2\/posts\/883"}],"collection":[{"href":"http:\/\/www.twiga.org.pl\/index.php\/wp-json\/wp\/v2\/posts"}],"about":[{"href":"http:\/\/www.twiga.org.pl\/index.php\/wp-json\/wp\/v2\/types\/post"}],"author":[{"embeddable":true,"href":"http:\/\/www.twiga.org.pl\/index.php\/wp-json\/wp\/v2\/users\/1"}],"replies":[{"embeddable":true,"href":"http:\/\/www.twiga.org.pl\/index.php\/wp-json\/wp\/v2\/comments?post=883"}],"version-history":[{"count":1,"href":"http:\/\/www.twiga.org.pl\/index.php\/wp-json\/wp\/v2\/posts\/883\/revisions"}],"predecessor-version":[{"id":888,"href":"http:\/\/www.twiga.org.pl\/index.php\/wp-json\/wp\/v2\/posts\/883\/revisions\/888"}],"wp:featuredmedia":[{"embeddable":true,"href":"http:\/\/www.twiga.org.pl\/index.php\/wp-json\/wp\/v2\/media\/884"}],"wp:attachment":[{"href":"http:\/\/www.twiga.org.pl\/index.php\/wp-json\/wp\/v2\/media?parent=883"}],"wp:term":[{"taxonomy":"category","embeddable":true,"href":"http:\/\/www.twiga.org.pl\/index.php\/wp-json\/wp\/v2\/categories?post=883"},{"taxonomy":"post_tag","embeddable":true,"href":"http:\/\/www.twiga.org.pl\/index.php\/wp-json\/wp\/v2\/tags?post=883"}],"curies":[{"name":"wp","href":"https:\/\/api.w.org\/{rel}","templated":true}]}}