{"id":628,"date":"2021-10-08T08:32:00","date_gmt":"2021-10-08T08:32:00","guid":{"rendered":"http:\/\/www.twiga.org.pl\/?p=628"},"modified":"2021-11-14T20:39:23","modified_gmt":"2021-11-14T20:39:23","slug":"webinar-podstawy-edukacji-globalnej-talking-bubbles-international-comics-competition","status":"publish","type":"post","link":"http:\/\/www.twiga.org.pl\/index.php\/2021\/10\/08\/webinar-podstawy-edukacji-globalnej-talking-bubbles-international-comics-competition\/","title":{"rendered":"Webinar &#8222;Podstawy edukacji globalnej&#8221; &#8211; Talking Bubbles International Comics Competition"},"content":{"rendered":"\n<p>Dla wszystkich zainteresowanych bli\u017cej Celami Zr\u00f3wnowa\u017conego Rozwoju i ich kontekstem w postaci podstaw edukacji globalnej czyli edukacji o globalnych wsp\u00f3\u0142zale\u017cno\u015bciach przygotowali\u015bmy webinar, kt\u00f3ry odb\u0119dzie si\u0119 27.10.2021 r 11.00 i 18.00 (do wyboru jedna z opcji godzinowych), poprzez platform\u0119 ZOOM, udzia\u0142 bezp\u0142atny.<\/p>\n\n\n\n<p>Zapisy na webinary:\u00a0<a rel=\"noreferrer noopener\" href=\"https:\/\/forms.gle\/Gk5P7YkTRFozSpCn9?fbclid=IwAR1DW43Mw5LjiGsL-yexWdo3jMBsLUx-fIytDN_0HI_SUmwER4gJwcw7BFM\" target=\"_blank\">https:\/\/forms.gle\/Gk5P7YkTRFozSpCn9<\/a><\/p>\n\n\n\n<p>Webinary odbywaj\u0105 si\u0119 w ramach polskiej edycji Konkursu Komiksowego organizowanego przez Fundacj\u0119 Twiga we wsp\u00f3\u0142pracy z O\u015brodkiem Informacji ONZ w Warszawie, Wydawnictwem Timof Comics i Festiwalem Komiksowa Warszawa, <strong>Konkurs Komiksow<\/strong>y\u00a0\u0142\u0105czy tematyk\u0119 zwi\u0105zan\u0105 z\u00a0<strong><a rel=\"noreferrer noopener\" href=\"http:\/\/www.un.org.pl\/\" target=\"_blank\">Celami Zr\u00f3wnowa\u017conego Rozwoju<\/a><\/strong>\u00a0i artystyczn\u0105 ekspresj\u0119. Konkurs odbywa si\u0119 w ramach mi\u0119dzynarodowego projektu Talking Bubbles International Comics Competition prowadzonego przez cztery organizacje z r\u00f3\u017cnych pa\u0144stw Europy: ADRA Czechy, ADRA Portugalia, ADRA S\u0142owenia i Fundacja Twiga (Polska) i finansowanego przez Erasmus +\u00a0.<\/p>\n\n\n\n<p><strong>Konkurs Komiksowy<\/strong>&nbsp;skierowany jest do m\u0142odzie\u017cy w wieku&nbsp;<strong>od 15 do 20 lat<\/strong>&nbsp;i polega na przygotowaniu przez uczestniczk\u0119\/uczestnika planszy&nbsp;<strong>komiksu w formacieA3<\/strong>&nbsp;przy u\u017cyciu dowolnej techniki. Tematyka prac to jeden z wybranych<strong>&nbsp;<a rel=\"noreferrer noopener\" href=\"http:\/\/www.un.org.pl\/\" target=\"_blank\">Cela\u00f3w Zr\u00f3wnowa\u017conego Rozwoju<\/a><\/strong>&nbsp;przyporz\u0105dkowanych do&nbsp;<strong>5 kategorii konkursowych<\/strong>.<\/p>\n\n\n\n<p><strong>1. Jako\u015b\u0107 \u017cycia<\/strong>&nbsp;= cele zr\u00f3wnowa\u017conego rozwoju nr&nbsp;<strong>1, 2, 3, 6<\/strong>.<\/p>\n\n\n\n<p><strong>2. Zr\u00f3wnowa\u017cony rozw\u00f3j<\/strong>&nbsp;= cele zr\u00f3wnowa\u017conego rozwoju nr&nbsp;<strong>7, 8, 9, 11, 12.<\/strong><\/p>\n\n\n\n<p><strong>3. Sprawiedliwe spo\u0142ecze\u0144stwo<\/strong>&nbsp;= cele zr\u00f3wnowa\u017conego rozwoju nr&nbsp;<strong>4, 5, 10.<\/strong><\/p>\n\n\n\n<p><strong>4. Nasza Planeta<\/strong>&nbsp;= cele zr\u00f3wnowa\u017conego rozwoju nr&nbsp;<strong>13, 14, 15.<\/strong><\/p>\n\n\n\n<p><strong>5. Bezpieczny \u015bwiat<\/strong>&nbsp;= cele zr\u00f3wnowa\u017conego rozwoju nr&nbsp;<strong>16 i 17.<\/strong><\/p>\n\n\n\n<p><strong>Nab\u00f3r&nbsp;<\/strong>prac trwa od&nbsp;<strong>1.09.2021<\/strong>&nbsp;roku do&nbsp;<strong>28.02.2022<\/strong>&nbsp;roku. G\u0142\u00f3wn\u0105 nagrod\u0105 dla autorek\/autor\u00f3w 5 najlepszych komiks\u00f3w z ka\u017cdej kategorii konkursowej, b\u0119dzie udzia\u0142 w mi\u0119dzynarodowych warsztatach kreatywnych w&nbsp;<strong>Portugalii, w lipcu 2022<\/strong>&nbsp;roku. Na laureatki i laureat\u00f3w miejsc II i III z ka\u017cdej kategorii czekaj\u0105 albumy komiksowe, materia\u0142y plastyczne i warsztat z artyst\u0105 komiksowym. Wr\u0119czenie nagr\u00f3d dla laureatek i laureat\u00f3w miejsc I, II i III z ka\u017cdej kategorii konkursowej oraz wernisa\u017c wszystkich nagrodzonych prac odb\u0119dzie si\u0119 podczas festiwalu&nbsp;<strong>Komiksowa Warszawa w maju 2022<\/strong>&nbsp;roku<\/p>\n\n\n\n<p>Szczeg\u00f3\u0142y uczestnictwa w<a rel=\"noreferrer noopener\" href=\"http:\/\/www.twiga.org.pl\/wp-content\/uploads\/2021\/09\/Regulamin-Konkursu-Komiksowego.pdf\" target=\"_blank\"><strong>&nbsp;REGULAMINIE.<\/strong><\/a><\/p>\n\n\n\n<p>Konkurs organizowany jest od 6 lat w Czechach, a w tym roku uczestnicz\u0105 w nim cztery organizacje z r\u00f3\u017cnych pa\u0144stw Europy: ADRA Czechy, ADRA Portugalia, ADRA S\u0142owenia i Fundacja Twiga (Polska). &nbsp;<\/p>\n\n\n\n<p>Konkurs realizowany jest w ramach projektu&nbsp;<a rel=\"noreferrer noopener\" href=\"http:\/\/www.talking-bubbles.eu\/\" target=\"_blank\"><strong>Talking Bubbles International Comics Competition<\/strong><\/a>&nbsp;<a rel=\"noreferrer noopener\" href=\"http:\/\/www.talking-bubbles.eu\/\" target=\"_blank\">http:\/\/www.talking-bubbles.eu\/<\/a><\/p>\n","protected":false},"excerpt":{"rendered":"<p>Dla wszystkich zainteresowanych bli\u017cej Celami Zr\u00f3wnowa\u017conego Rozwoju i ich kontekstem w postaci podstaw edukacji globalnej czyli edukacji o globalnych wsp\u00f3\u0142zale\u017cno\u015bciach przygotowali\u015bmy webinar, kt\u00f3ry odb\u0119dzie si\u0119 27.10.2021 r 11.00 i 18.00 (do wyboru jedna z opcji godzinowych), poprzez platform\u0119 ZOOM, udzia\u0142 bezp\u0142atny. Zapisy na webinary:\u00a0https:\/\/forms.gle\/Gk5P7YkTRFozSpCn9 Webinary odbywaj\u0105 si\u0119 w ramach polskiej edycji Konkursu Komiksowego organizowanego przez &hellip;<\/p>\n<p class=\"read-more\"> <a class=\"zta-button\" href=\"http:\/\/www.twiga.org.pl\/index.php\/2021\/10\/08\/webinar-podstawy-edukacji-globalnej-talking-bubbles-international-comics-competition\/\"> <span class=\"screen-reader-text\">Webinar &#8222;Podstawy edukacji globalnej&#8221; &#8211; Talking Bubbles International Comics Competition<\/span>Czytaj wi\u0119cej!<\/a><\/p>\n","protected":false},"author":1,"featured_media":629,"comment_status":"closed","ping_status":"open","sticky":false,"template":"","format":"standard","meta":[],"categories":[7,8],"tags":[],"_links":{"self":[{"href":"http:\/\/www.twiga.org.pl\/index.php\/wp-json\/wp\/v2\/posts\/628"}],"collection":[{"href":"http:\/\/www.twiga.org.pl\/index.php\/wp-json\/wp\/v2\/posts"}],"about":[{"href":"http:\/\/www.twiga.org.pl\/index.php\/wp-json\/wp\/v2\/types\/post"}],"author":[{"embeddable":true,"href":"http:\/\/www.twiga.org.pl\/index.php\/wp-json\/wp\/v2\/users\/1"}],"replies":[{"embeddable":true,"href":"http:\/\/www.twiga.org.pl\/index.php\/wp-json\/wp\/v2\/comments?post=628"}],"version-history":[{"count":1,"href":"http:\/\/www.twiga.org.pl\/index.php\/wp-json\/wp\/v2\/posts\/628\/revisions"}],"predecessor-version":[{"id":630,"href":"http:\/\/www.twiga.org.pl\/index.php\/wp-json\/wp\/v2\/posts\/628\/revisions\/630"}],"wp:featuredmedia":[{"embeddable":true,"href":"http:\/\/www.twiga.org.pl\/index.php\/wp-json\/wp\/v2\/media\/629"}],"wp:attachment":[{"href":"http:\/\/www.twiga.org.pl\/index.php\/wp-json\/wp\/v2\/media?parent=628"}],"wp:term":[{"taxonomy":"category","embeddable":true,"href":"http:\/\/www.twiga.org.pl\/index.php\/wp-json\/wp\/v2\/categories?post=628"},{"taxonomy":"post_tag","embeddable":true,"href":"http:\/\/www.twiga.org.pl\/index.php\/wp-json\/wp\/v2\/tags?post=628"}],"curies":[{"name":"wp","href":"https:\/\/api.w.org\/{rel}","templated":true}]}}