{"id":586,"date":"2021-09-01T16:08:56","date_gmt":"2021-09-01T16:08:56","guid":{"rendered":"http:\/\/www.twiga.org.pl\/?p=586"},"modified":"2021-09-01T16:08:57","modified_gmt":"2021-09-01T16:08:57","slug":"rusza-nabor-prac-do-konkursu-komiksowego","status":"publish","type":"post","link":"http:\/\/www.twiga.org.pl\/index.php\/2021\/09\/01\/rusza-nabor-prac-do-konkursu-komiksowego\/","title":{"rendered":"Rusza nab\u00f3r prac do Konkursu Komiksowego"},"content":{"rendered":"\n<p> Zapraszamy wszystkich zainteresowanych w wieku mi\u0119dzy\u00a0<strong>15 a 20 lat<\/strong>, do udzia\u0142u\u00a0<strong>Konkursie Komiksowym<\/strong>\u00a0\u0142\u0105cz\u0105cym tematyk\u0119 zr\u00f3wnowa\u017conego rozwoju i artystyczn\u0105 ekspresj\u0119.<\/p>\n\n\n\n<p>Konkurs trwa od&nbsp;<strong>1 wrze\u015bnia 2021<\/strong>&nbsp;roku do&nbsp;<strong>28 lutego 2022.<\/strong>&nbsp;W ramach konkursu nale\u017cy wykona\u0107 plansz\u0119 komiksu formatu A3 tematycznie nawi\u0105zuj\u0105c\u0105 do jednego z<strong>&nbsp;<a rel=\"noreferrer noopener\" href=\"http:\/\/www.un.org.pl\/\" target=\"_blank\">Cel\u00f3w Zr\u00f3wnowa\u017conego Rozwoju<\/a>.<\/strong><\/p>\n\n\n\n<p>Do wygrania atrakcyjne nagrody jak: udzia\u0142 w mi\u0119dzynarodowych warsztatach artystycznych w Portugalii (lipiec 2022 rok) czy warsztat komiksowy podczas festiwalu Komiksowa Warszawa (maj 2022 rok) a tak\u017ce materia\u0142y plastyczne i albumy komiksowe. Wi\u0119cej w zak\u0142adce <strong><a href=\"http:\/\/www.twiga.org.pl\/index.php\/konkurs-komiksowy-2\/\" data-type=\"URL\" data-id=\"http:\/\/www.twiga.org.pl\/index.php\/konkurs-komiksowy-2\/\" target=\"_blank\" rel=\"noreferrer noopener\">Konkurs Komiksowy.<\/a><\/strong><\/p>\n\n\n\n<p>Szczeg\u00f3\u0142y uczestnictwa w<a rel=\"noreferrer noopener\" href=\"http:\/\/www.twiga.org.pl\/wp-content\/uploads\/2021\/09\/Regulamin-Konkursu-Komiksowego.pdf\" target=\"_blank\"><strong>&nbsp;REGULAMINIE.<\/strong><\/a><\/p>\n\n\n\n<p>Konkurs organizowany jest od 6 lat w Czechach, a w tym roku uczestnicz\u0105 w nim cztery organizacje z r\u00f3\u017cnych pa\u0144stw Europy: ADRA Czechy, ADRA Portugalia, ADRA S\u0142owenia i Fundacja Twiga (Polska). &nbsp;Konkurs jest realizowany we wsp\u00f3\u0142pracy z&nbsp;<strong><a href=\"http:\/\/www.unic.un.org.pl\/unic_warsaw\/\">O\u015brodkiem Informacji ONZ w Warszawie<\/a>.<\/strong><\/p>\n\n\n\n<p>Konkurs realizowany jest w ramach projektu\u00a0<a rel=\"noreferrer noopener\" href=\"http:\/\/www.talking-bubbles.eu\/\" target=\"_blank\"><strong>Talking Bubbles International Comics Competition<\/strong><\/a>\u00a0<a rel=\"noreferrer noopener\" href=\"http:\/\/www.talking-bubbles.eu\/\" target=\"_blank\">http:\/\/www.talking-bubbles.eu\/<\/a><\/p>\n","protected":false},"excerpt":{"rendered":"<p>Zapraszamy wszystkich zainteresowanych w wieku mi\u0119dzy\u00a015 a 20 lat, do udzia\u0142u\u00a0Konkursie Komiksowym\u00a0\u0142\u0105cz\u0105cym tematyk\u0119 zr\u00f3wnowa\u017conego rozwoju i artystyczn\u0105 ekspresj\u0119. Konkurs trwa od&nbsp;1 wrze\u015bnia 2021&nbsp;roku do&nbsp;28 lutego 2022.&nbsp;W ramach konkursu nale\u017cy wykona\u0107 plansz\u0119 komiksu formatu A3 tematycznie nawi\u0105zuj\u0105c\u0105 do jednego z&nbsp;Cel\u00f3w Zr\u00f3wnowa\u017conego Rozwoju. Do wygrania atrakcyjne nagrody jak: udzia\u0142 w mi\u0119dzynarodowych warsztatach artystycznych w Portugalii (lipiec 2022 &hellip;<\/p>\n<p class=\"read-more\"> <a class=\"zta-button\" href=\"http:\/\/www.twiga.org.pl\/index.php\/2021\/09\/01\/rusza-nabor-prac-do-konkursu-komiksowego\/\"> <span class=\"screen-reader-text\">Rusza nab\u00f3r prac do Konkursu Komiksowego<\/span>Czytaj wi\u0119cej!<\/a><\/p>\n","protected":false},"author":1,"featured_media":583,"comment_status":"closed","ping_status":"open","sticky":false,"template":"","format":"standard","meta":[],"categories":[7,8],"tags":[],"_links":{"self":[{"href":"http:\/\/www.twiga.org.pl\/index.php\/wp-json\/wp\/v2\/posts\/586"}],"collection":[{"href":"http:\/\/www.twiga.org.pl\/index.php\/wp-json\/wp\/v2\/posts"}],"about":[{"href":"http:\/\/www.twiga.org.pl\/index.php\/wp-json\/wp\/v2\/types\/post"}],"author":[{"embeddable":true,"href":"http:\/\/www.twiga.org.pl\/index.php\/wp-json\/wp\/v2\/users\/1"}],"replies":[{"embeddable":true,"href":"http:\/\/www.twiga.org.pl\/index.php\/wp-json\/wp\/v2\/comments?post=586"}],"version-history":[{"count":1,"href":"http:\/\/www.twiga.org.pl\/index.php\/wp-json\/wp\/v2\/posts\/586\/revisions"}],"predecessor-version":[{"id":587,"href":"http:\/\/www.twiga.org.pl\/index.php\/wp-json\/wp\/v2\/posts\/586\/revisions\/587"}],"wp:featuredmedia":[{"embeddable":true,"href":"http:\/\/www.twiga.org.pl\/index.php\/wp-json\/wp\/v2\/media\/583"}],"wp:attachment":[{"href":"http:\/\/www.twiga.org.pl\/index.php\/wp-json\/wp\/v2\/media?parent=586"}],"wp:term":[{"taxonomy":"category","embeddable":true,"href":"http:\/\/www.twiga.org.pl\/index.php\/wp-json\/wp\/v2\/categories?post=586"},{"taxonomy":"post_tag","embeddable":true,"href":"http:\/\/www.twiga.org.pl\/index.php\/wp-json\/wp\/v2\/tags?post=586"}],"curies":[{"name":"wp","href":"https:\/\/api.w.org\/{rel}","templated":true}]}}