{"id":480,"date":"2021-05-21T09:13:13","date_gmt":"2021-05-21T09:13:13","guid":{"rendered":"http:\/\/www.twiga.org.pl\/?p=480"},"modified":"2021-06-06T09:15:53","modified_gmt":"2021-06-06T09:15:53","slug":"tunezyjski-rap-od-marginalizacji-do-popularnosci","status":"publish","type":"post","link":"http:\/\/www.twiga.org.pl\/index.php\/2021\/05\/21\/tunezyjski-rap-od-marginalizacji-do-popularnosci\/","title":{"rendered":"Tunezyjski rap: od marginalizacji do popularno\u015bci"},"content":{"rendered":"\n<p> Zapraszamy na spotkanie w cyklu \u201eKultury i postaci Afryki\u201d, kt\u00f3re poprowadzi Samir Saadi z zespo\u0142u Fundacji 25 maja 2021 o godz. 19.00. <\/p>\n\n\n\n<p> Koniec 23-letnich rz\u0105d\u00f3w Ben Alego. Cztery tygodnie protest\u00f3w, kt\u00f3re zmusi\u0142y rz\u0105dz\u0105cego tward\u0105 r\u0119k\u0105 prezydenta do ucieczki z kraju, to rewolucja w Tunezji na prze\u0142omie lat 2010-2011. Rewolucja przeciwko bezrobociu, biedzie i brakowi poczucia godno\u015bci obywateli. Rewolucja, w kt\u00f3rej ogromn\u0105 rol\u0119 odegra\u0142a muzyka, szczeg\u00f3lnie tunezyjski rap. Rap by\u0142 g\u0142osem m\u0142odzie\u017cy, ich sposobem na komunikowanie si\u0119 z w\u0142adzami w trakcie rewolucji i ju\u017c po niej. Mi\u0119dzy innymi dzi\u0119ki takim raperom jak El General, Psycho M, Klay BBJ, Weld el 15, Kafon, wielu obserwator\u00f3w i komentator\u00f3w wydarze\u0144 politycznych nazywa rewolucj\u0119 w Tunezji rewolucj\u0105 rapow\u0105.<\/p>\n\n\n\n<p>Czy maj\u0105 racj\u0119? W jaki spos\u00f3b rap tunezyjskiej m\u0142odzie\u017cy m\u00f3g\u0142 przyczyni\u0107 si\u0119 do sukcesu rewolucji w tym kraju w 2011 roku? Czy popularno\u015b\u0107 rapu w Tunezji sko\u0144czy\u0142a si\u0119 wraz z zako\u0144czeniem rewolucji? Czym jest rap \u201edozwolony\u201d, a czym rap \u201ezakazany\u201d?<\/p>\n\n\n\n<p>O tunezyjskiej rewolucji, roli rapu w jej przebiegu oraz przemianach, jakim uleg\u0142a ta muzyka na skutek wydarze\u0144 polityczno-spo\u0142ecznych, opowie Samir Saadi, Tunezyjczyk mieszkaj\u0105cy od ponad 10 lat w Polsce, aktywnie dzia\u0142aj\u0105cy w warszawskich NGO-sach, wsp\u00f3\u0142za\u0142o\u017cyciel Jasmin \u2013 Stowarzyszenia Przyjaci\u00f3\u0142 na rzecz Wsp\u00f3\u0142pracy Mi\u0119dzykulturowej i cz\u0142onek Rady Fundacji Twiga.<\/p>\n\n\n\n<p>DANE DO LOGOWANIA<br><a rel=\"noreferrer noopener\" href=\"https:\/\/zoom.us\/j\/96946249743?pwd=Z1dJT2N4QmlrdVFPaUtTcnVRc0ZhQT09&amp;fbclid=IwAR2D9Df5BYUoooydebbXBP5GzO5EtveQvX-cYRtDmZjQDV8AvBrxtxMqaiI\" target=\"_blank\">https:\/\/zoom.us\/j\/96946249743&#8230;<\/a><br>Meeting ID: 969 4624 9743<br>Passcode: 426509 <\/p>\n\n\n\n<p>Spotkanie organizowane w ramach segmentu Kultura Otwarto\u015bci Staromiejskiego Domu Kultury. <\/p>\n","protected":false},"excerpt":{"rendered":"<p>Zapraszamy na spotkanie w cyklu \u201eKultury i postaci Afryki\u201d, kt\u00f3re poprowadzi Samir Saadi z zespo\u0142u Fundacji 25 maja 2021 o godz. 19.00. Koniec 23-letnich rz\u0105d\u00f3w Ben Alego. Cztery tygodnie protest\u00f3w, kt\u00f3re zmusi\u0142y rz\u0105dz\u0105cego tward\u0105 r\u0119k\u0105 prezydenta do ucieczki z kraju, to rewolucja w Tunezji na prze\u0142omie lat 2010-2011. Rewolucja przeciwko bezrobociu, biedzie i brakowi poczucia &hellip;<\/p>\n<p class=\"read-more\"> <a class=\"zta-button\" href=\"http:\/\/www.twiga.org.pl\/index.php\/2021\/05\/21\/tunezyjski-rap-od-marginalizacji-do-popularnosci\/\"> <span class=\"screen-reader-text\">Tunezyjski rap: od marginalizacji do popularno\u015bci<\/span>Czytaj wi\u0119cej!<\/a><\/p>\n","protected":false},"author":1,"featured_media":481,"comment_status":"closed","ping_status":"open","sticky":false,"template":"","format":"standard","meta":[],"categories":[8],"tags":[],"_links":{"self":[{"href":"http:\/\/www.twiga.org.pl\/index.php\/wp-json\/wp\/v2\/posts\/480"}],"collection":[{"href":"http:\/\/www.twiga.org.pl\/index.php\/wp-json\/wp\/v2\/posts"}],"about":[{"href":"http:\/\/www.twiga.org.pl\/index.php\/wp-json\/wp\/v2\/types\/post"}],"author":[{"embeddable":true,"href":"http:\/\/www.twiga.org.pl\/index.php\/wp-json\/wp\/v2\/users\/1"}],"replies":[{"embeddable":true,"href":"http:\/\/www.twiga.org.pl\/index.php\/wp-json\/wp\/v2\/comments?post=480"}],"version-history":[{"count":1,"href":"http:\/\/www.twiga.org.pl\/index.php\/wp-json\/wp\/v2\/posts\/480\/revisions"}],"predecessor-version":[{"id":482,"href":"http:\/\/www.twiga.org.pl\/index.php\/wp-json\/wp\/v2\/posts\/480\/revisions\/482"}],"wp:featuredmedia":[{"embeddable":true,"href":"http:\/\/www.twiga.org.pl\/index.php\/wp-json\/wp\/v2\/media\/481"}],"wp:attachment":[{"href":"http:\/\/www.twiga.org.pl\/index.php\/wp-json\/wp\/v2\/media?parent=480"}],"wp:term":[{"taxonomy":"category","embeddable":true,"href":"http:\/\/www.twiga.org.pl\/index.php\/wp-json\/wp\/v2\/categories?post=480"},{"taxonomy":"post_tag","embeddable":true,"href":"http:\/\/www.twiga.org.pl\/index.php\/wp-json\/wp\/v2\/tags?post=480"}],"curies":[{"name":"wp","href":"https:\/\/api.w.org\/{rel}","templated":true}]}}