{"id":411,"date":"2020-08-24T07:44:28","date_gmt":"2020-08-24T07:44:28","guid":{"rendered":"http:\/\/www.twiga.org.pl\/?p=411"},"modified":"2020-09-22T16:48:58","modified_gmt":"2020-09-22T16:48:58","slug":"roznorodna-perspektywa-dla-roznorodnego-swiata","status":"publish","type":"post","link":"http:\/\/www.twiga.org.pl\/index.php\/2020\/08\/24\/roznorodna-perspektywa-dla-roznorodnego-swiata\/","title":{"rendered":"R\u00f3\u017cnorodna perspektywa dla r\u00f3\u017cnorodnego \u015bwiata"},"content":{"rendered":"\n<p>Pod koniec sierpnia 2020 przyst\u0105pili\u015bmy do realizacji projektu<strong> &#8222;R\u00f3\u017cnorodna perspektywa dla r\u00f3\u017cnorodnego \u015bwiata&#8221;<\/strong>, kt\u00f3ry otrzyma\u0142 grant Fundacji Edukacja dla Demokracji, natomiast \u015brodki na realizacj\u0119 projektu pochodz\u0105 z programu polskiej wsp\u00f3\u0142pracy rozwojowej Ministerstwa Spraw Zagranicznych RP. <\/p>\n\n\n\n<p>Projekt ma na celu przeprowadzenie warsztat\u00f3w dla uczni\u00f3w i uczennic szk\u00f3\u0142 licealnych i ponadgimnazjalnych oraz pracuj\u0105cych z nimi pedagog\u00f3w, podczas kt\u00f3rych poznaj\u0105 i zrozumiej\u0105 podstawowe terminy dla edukacji globalnej, zostan\u0105 wprowadzeni w tematyk\u0119 globalnych wsp\u00f3\u0142zale\u017cno\u015bci, narracji o krajach globalnego Po\u0142udnia oraz zjawiska turystyki slumsowej i jej oddzia\u0142ywania na tworzenie narracji, a tak\u017ce wa\u017cno\u015bci w\u0142\u0105czania perspektywy os\u00f3b z globalnego Po\u0142udnia. Uczestnicy poznaj\u0105 zasady Kodeksu w sprawie obraz\u00f3w i wiadomo\u015bci a tak\u017ce otrzymaj\u0105 praktyczne wskaz\u00f3wki jak stosowa\u0107 te zasady przy tworzeniu w\u0142asnych narracji, szczeg\u00f3lnie przy tworzeniu komunikat\u00f3w wizualnych, otrzymaj\u0105 te\u017c informacje jak etycznie podr\u00f3\u017cowa\u0107. Projekt silnie bazuje na historiach os\u00f3b pochodz\u0105cych z globalnego Po\u0142udnia oraz materia\u0142ach zebranych w Kenii. Projekt przyczyni si\u0119 do zwi\u0119kszenia \u015bwiadomo\u015bci uczestnik\u00f3w w zakresie zr\u00f3\u017cnicowanej narracji o krajach globalnego Po\u0142udnia a szczeg\u00f3lnie roli i zastosowania komunikat\u00f3w wizualnych w tym kontek\u015bcie, a tak\u017ce podniesie ich poziom wiedzy i umiej\u0119tno\u015bci w zakresie etycznego formu\u0142owania narracji oraz etycznego podej\u015bcia do podr\u00f3\u017cowania .<\/p>\n\n\n\n<p>Projekt realizowany b\u0119dzie do listopada 2020 roku.<\/p>\n\n\n\n<figure class=\"wp-block-image\"><img loading=\"lazy\" width=\"1024\" height=\"684\" src=\"http:\/\/www.twiga.org.pl\/wp-content\/uploads\/2020\/09\/personal-3108155_1920-1024x684.jpg\" alt=\"\" class=\"wp-image-407\"\/><\/figure>\n","protected":false},"excerpt":{"rendered":"<p>Pod koniec sierpnia 2020 przyst\u0105pili\u015bmy do realizacji projektu &#8222;R\u00f3\u017cnorodna perspektywa dla r\u00f3\u017cnorodnego \u015bwiata&#8221;, kt\u00f3ry otrzyma\u0142 grant Fundacji Edukacja dla Demokracji, natomiast \u015brodki na realizacj\u0119 projektu pochodz\u0105 z programu polskiej wsp\u00f3\u0142pracy rozwojowej Ministerstwa Spraw Zagranicznych RP. Projekt ma na celu przeprowadzenie warsztat\u00f3w dla uczni\u00f3w i uczennic szk\u00f3\u0142 licealnych i ponadgimnazjalnych oraz pracuj\u0105cych z nimi pedagog\u00f3w, podczas &hellip;<\/p>\n<p class=\"read-more\"> <a class=\"zta-button\" href=\"http:\/\/www.twiga.org.pl\/index.php\/2020\/08\/24\/roznorodna-perspektywa-dla-roznorodnego-swiata\/\"> <span class=\"screen-reader-text\">R\u00f3\u017cnorodna perspektywa dla r\u00f3\u017cnorodnego \u015bwiata<\/span>Czytaj wi\u0119cej!<\/a><\/p>\n","protected":false},"author":1,"featured_media":0,"comment_status":"closed","ping_status":"open","sticky":false,"template":"","format":"standard","meta":[],"categories":[7],"tags":[],"_links":{"self":[{"href":"http:\/\/www.twiga.org.pl\/index.php\/wp-json\/wp\/v2\/posts\/411"}],"collection":[{"href":"http:\/\/www.twiga.org.pl\/index.php\/wp-json\/wp\/v2\/posts"}],"about":[{"href":"http:\/\/www.twiga.org.pl\/index.php\/wp-json\/wp\/v2\/types\/post"}],"author":[{"embeddable":true,"href":"http:\/\/www.twiga.org.pl\/index.php\/wp-json\/wp\/v2\/users\/1"}],"replies":[{"embeddable":true,"href":"http:\/\/www.twiga.org.pl\/index.php\/wp-json\/wp\/v2\/comments?post=411"}],"version-history":[{"count":2,"href":"http:\/\/www.twiga.org.pl\/index.php\/wp-json\/wp\/v2\/posts\/411\/revisions"}],"predecessor-version":[{"id":413,"href":"http:\/\/www.twiga.org.pl\/index.php\/wp-json\/wp\/v2\/posts\/411\/revisions\/413"}],"wp:attachment":[{"href":"http:\/\/www.twiga.org.pl\/index.php\/wp-json\/wp\/v2\/media?parent=411"}],"wp:term":[{"taxonomy":"category","embeddable":true,"href":"http:\/\/www.twiga.org.pl\/index.php\/wp-json\/wp\/v2\/categories?post=411"},{"taxonomy":"post_tag","embeddable":true,"href":"http:\/\/www.twiga.org.pl\/index.php\/wp-json\/wp\/v2\/tags?post=411"}],"curies":[{"name":"wp","href":"https:\/\/api.w.org\/{rel}","templated":true}]}}