{"id":406,"date":"2020-04-25T20:33:42","date_gmt":"2020-04-25T20:33:42","guid":{"rendered":"http:\/\/www.twiga.org.pl\/?p=406"},"modified":"2020-09-22T16:56:55","modified_gmt":"2020-09-22T16:56:55","slug":"mamy-grant-na-realizacje-projektu-roznorodna-perspektywa-dla-roznorodnego-swiata","status":"publish","type":"post","link":"http:\/\/www.twiga.org.pl\/index.php\/2020\/04\/25\/mamy-grant-na-realizacje-projektu-roznorodna-perspektywa-dla-roznorodnego-swiata\/","title":{"rendered":"Mamy grant na realizacj\u0119 projektu &#8222;R\u00f3\u017cnorodna perspektywa dla r\u00f3\u017cnorodnego \u015bwiata&#8221;"},"content":{"rendered":"\n<p>Dotar\u0142y do nas dzisiaj wspania\u0142e wie\u015bci &#8211; nasz projekt\n&#8222;R\u00f3\u017cnorodna perspektywa dla r\u00f3\u017cnorodnego \u015bwiata&#8221; otrzyma\u0142 grant\nFundacji Edukacja dla Demokracji, natomiast \u015brodki na realizacj\u0119 projektu\npochodz\u0105 z programu polskiej wsp\u00f3\u0142pracy rozwojowej Ministerstwa Spraw\nZagranicznych RP. <\/p>\n\n\n\n<p>Ogromnie si\u0119 cieszymy i dzi\u0119kujemy pi\u0119knie. <\/p>\n\n\n\n<p>Projekt realizowany b\u0119dzie od sierpnia do ko\u0144ca listopada 2020 roku w szko\u0142ach licealnych i ponadgimnazjalnych. &nbsp;Projekt ma na celu przeprowadzenie warsztat\u00f3w dla uczni\u00f3w i uczennic oraz pracuj\u0105cych z nimi pedagog\u00f3w, podczas kt\u00f3rych poznaj\u0105 i zrozumiej\u0105 podstawowe terminy dla edukacji globalnej, zostan\u0105 wprowadzeni w tematyk\u0119 globalnych wsp\u00f3\u0142zale\u017cno\u015bci, narracji o krajach globalnego Po\u0142udnia oraz zjawiska turystyki slumsowej i jej oddzia\u0142ywania na tworzenie narracji, a tak\u017ce wa\u017cno\u015bci w\u0142\u0105czania perspektywy os\u00f3b z globalnego Po\u0142udnia. Uczestnicy poznaj\u0105 zasady Kodeksu w sprawie obraz\u00f3w i wiadomo\u015bci a tak\u017ce otrzymaj\u0105 praktyczne wskaz\u00f3wki jak stosowa\u0107 te zasady przy tworzeniu w\u0142asnych narracji, szczeg\u00f3lnie przy tworzeniu komunikat\u00f3w wizualnych, otrzymaj\u0105 te\u017c informacje jak etycznie podr\u00f3\u017cowa\u0107. Projekt silnie bazuje na historiach os\u00f3b pochodz\u0105cych z globalnego Po\u0142udnia oraz materia\u0142ach zebranych w Kenii. Projekt przyczyni si\u0119 do zwi\u0119kszenia \u015bwiadomo\u015bci uczestnik\u00f3w w zakresie zr\u00f3\u017cnicowanej narracji o krajach globalnego Po\u0142udnia a szczeg\u00f3lnie roli i zastosowania komunikat\u00f3w wizualnych w tym kontek\u015bcie, a tak\u017ce podniesie ich poziom wiedzy i umiej\u0119tno\u015bci w zakresie etycznego formu\u0142owania narracji oraz etycznego podej\u015bcia do podr\u00f3\u017cowania<\/p>\n\n\n\n<p><a rel=\"noreferrer noopener\" aria-label=\"Wyniki post\u0119powania grantowego (otwiera si\u0119 na nowej zak\u0142adce)\" href=\"http:\/\/ https:\/\/fed.org.pl\/globalna\/oferta\/?fbclid=IwAR0elQNARd-YR0Fw2adD6VqikS-3BTb0GGqcwvZCqkb4OSMcICIzpVfZbTg\" target=\"_blank\"><strong>Wyniki post\u0119powania grantowego<\/strong><\/a><\/p>\n\n\n\n<figure class=\"wp-block-image\"><img loading=\"lazy\" width=\"1024\" height=\"684\" src=\"http:\/\/www.twiga.org.pl\/wp-content\/uploads\/2020\/09\/personal-3108155_1920-1024x684.jpg\" alt=\"\" class=\"wp-image-407\"\/><figcaption>\u017ar\u00f3d\u0142o: pixabay<\/figcaption><\/figure>\n","protected":false},"excerpt":{"rendered":"<p>Dotar\u0142y do nas dzisiaj wspania\u0142e wie\u015bci &#8211; nasz projekt &#8222;R\u00f3\u017cnorodna perspektywa dla r\u00f3\u017cnorodnego \u015bwiata&#8221; otrzyma\u0142 grant Fundacji Edukacja dla Demokracji, natomiast \u015brodki na realizacj\u0119 projektu pochodz\u0105 z programu polskiej wsp\u00f3\u0142pracy rozwojowej Ministerstwa Spraw Zagranicznych RP. Ogromnie si\u0119 cieszymy i dzi\u0119kujemy pi\u0119knie. Projekt realizowany b\u0119dzie od sierpnia do ko\u0144ca listopada 2020 roku w szko\u0142ach licealnych i &hellip;<\/p>\n<p class=\"read-more\"> <a class=\"zta-button\" href=\"http:\/\/www.twiga.org.pl\/index.php\/2020\/04\/25\/mamy-grant-na-realizacje-projektu-roznorodna-perspektywa-dla-roznorodnego-swiata\/\"> <span class=\"screen-reader-text\">Mamy grant na realizacj\u0119 projektu &#8222;R\u00f3\u017cnorodna perspektywa dla r\u00f3\u017cnorodnego \u015bwiata&#8221;<\/span>Czytaj wi\u0119cej!<\/a><\/p>\n","protected":false},"author":1,"featured_media":0,"comment_status":"closed","ping_status":"open","sticky":false,"template":"","format":"standard","meta":[],"categories":[8],"tags":[],"_links":{"self":[{"href":"http:\/\/www.twiga.org.pl\/index.php\/wp-json\/wp\/v2\/posts\/406"}],"collection":[{"href":"http:\/\/www.twiga.org.pl\/index.php\/wp-json\/wp\/v2\/posts"}],"about":[{"href":"http:\/\/www.twiga.org.pl\/index.php\/wp-json\/wp\/v2\/types\/post"}],"author":[{"embeddable":true,"href":"http:\/\/www.twiga.org.pl\/index.php\/wp-json\/wp\/v2\/users\/1"}],"replies":[{"embeddable":true,"href":"http:\/\/www.twiga.org.pl\/index.php\/wp-json\/wp\/v2\/comments?post=406"}],"version-history":[{"count":7,"href":"http:\/\/www.twiga.org.pl\/index.php\/wp-json\/wp\/v2\/posts\/406\/revisions"}],"predecessor-version":[{"id":418,"href":"http:\/\/www.twiga.org.pl\/index.php\/wp-json\/wp\/v2\/posts\/406\/revisions\/418"}],"wp:attachment":[{"href":"http:\/\/www.twiga.org.pl\/index.php\/wp-json\/wp\/v2\/media?parent=406"}],"wp:term":[{"taxonomy":"category","embeddable":true,"href":"http:\/\/www.twiga.org.pl\/index.php\/wp-json\/wp\/v2\/categories?post=406"},{"taxonomy":"post_tag","embeddable":true,"href":"http:\/\/www.twiga.org.pl\/index.php\/wp-json\/wp\/v2\/tags?post=406"}],"curies":[{"name":"wp","href":"https:\/\/api.w.org\/{rel}","templated":true}]}}