{"id":375,"date":"2020-02-10T17:47:42","date_gmt":"2020-02-10T17:47:42","guid":{"rendered":"http:\/\/www.twiga.org.pl\/?p=375"},"modified":"2020-03-21T17:59:52","modified_gmt":"2020-03-21T17:59:52","slug":"pokaz-filmu-oni-nie-znaja-naszej-sztuki-graffiti-w-kenii-w-ramach-cyklu-afryka-na-koszykowej","status":"publish","type":"post","link":"http:\/\/www.twiga.org.pl\/index.php\/2020\/02\/10\/pokaz-filmu-oni-nie-znaja-naszej-sztuki-graffiti-w-kenii-w-ramach-cyklu-afryka-na-koszykowej\/","title":{"rendered":"Pokaz filmu Oni nie znaj\u0105 naszej sztuki. Graffiti w Kenii  w ramach cyklu Afryka na Koszykowej"},"content":{"rendered":"\n<p>W <strong>\u015brod\u0119 19 lutego 2020 o godz. 18.00 <\/strong>Biblioteka Publiczna m.st. Warszawy &#8211; Biblioteka G\u0142\u00f3wna Wojew\u00f3dztwa Mazowieckiego we wsp\u00f3\u0142pracy z Polskim Towarzystwem Afrykanistycznym, Katedr\u0105 J\u0119zyk\u00f3w i Kultur Afryki Uniwersytetu Warszawskiego, Staromiejskim Domem Kultury oraz Festiwalem AfryKamera\u00a0<strong>zaprasza na spotkanie z cyklu\u00a0<em>Afryka na Koszykowej<\/em>:<\/strong><\/p>\n\n\n\n<p><strong>\u201eOni nie znaj\u0105 naszej sztuki. Graffiti w Kenii\u201d \u2013 pokaz filmu i spotkanie z re\u017cyserk\u0105&nbsp;Paulin\u0105 Zaj\u0105c.<\/strong><br>Film wnikaj\u0105cy w \u015bwiat artyst\u00f3w graffiti mieszkaj\u0105cych w Nairobi w Kenii, kt\u00f3rych tw\u00f3rczo\u015b\u0107 wykracza nie tylko poza ramy ich kraju, ale te\u017c gatunku artystycznego, jakim jest street art. Zdolni do wszelkich po\u015bwi\u0119ce\u0144, by tworzy\u0107, nie cofn\u0105 si\u0119 nawet przed najwi\u0119kszym ryzykiem, aby przeciwstawi\u0107 si\u0119 drapie\u017cnym poczynaniom najwi\u0119kszych polityk\u00f3w i pom\u00f3c zabra\u0107 g\u0142os tym, kt\u00f3rzy do g\u0142osu nie s\u0105 dopuszczeni. \u0141ami\u0105 konwencje, zasady, stereotypy i bariery, a wszystko to w imi\u0119 sztuki i prawdy. Dumni ze swego afryka\u0144skiego dziedzictwa, kosmopolityczni, nowatorscy \u2013 sami siebie nazywaj\u0105 \u201cartivists\u201d.<\/p>\n\n\n\n<p><strong>Re\u017cyseria: Paulina Zaj\u0105c<\/strong><br><strong>Czas trwania: 56 min<\/strong><br><strong>Produkcja: Polska\/Kenia 2019<\/strong><\/p>\n\n\n\n<p> <strong>Po projekcji b\u0119dzie mo\u017cna nanie\u015b\u0107<\/strong> na w\u0142asn\u0105 koszulk\u0119\/torb\u0119 bawe\u0142nian\u0105 (koniecznie jednolit\u0105 i jasn\u0105) <strong>wz\u00f3r ze specjalnych szablon\u00f3w dedykowanych filmowi<\/strong>; mo\u017cna r\u00f3wnie\u017c zakupi\u0107 pami\u0105tkow\u0105 torb\u0119 na miejscu, za drobn\u0105 op\u0142at\u0105. Szablony zaprojektowa\u0142 oraz b\u0119dzie nanosi\u0107 na torby\/koszulki &#8211; <strong>Dariusz Paczkowski z Fundacji Klamra.<\/strong><\/p>\n\n\n\n<p><strong>Biblioteka na Koszykowej<\/strong><br>ul. Koszykowa 26\/28, Warszawa<br>sala konferencyjna<br>wst\u0119p wolny <\/p>\n\n\n\n<figure class=\"wp-block-embed-youtube wp-block-embed is-type-video is-provider-youtube wp-embed-aspect-16-9 wp-has-aspect-ratio\"><div class=\"wp-block-embed__wrapper\">\n<iframe loading=\"lazy\" title=\"Oni nie znaj\u0105 naszej sztuki. Graffiti w Kenii - trailer filmu dokumentalnego\" width=\"640\" height=\"360\" src=\"https:\/\/www.youtube.com\/embed\/KqpCZNxda8A?feature=oembed\" frameborder=\"0\" allow=\"accelerometer; autoplay; encrypted-media; gyroscope; picture-in-picture\" allowfullscreen><\/iframe>\n<\/div><\/figure>\n\n\n\n<figure class=\"wp-block-image\"><img loading=\"lazy\" width=\"717\" height=\"1024\" src=\"http:\/\/www.twiga.org.pl\/wp-content\/uploads\/2020\/03\/78884494_114803336670848_823094773920301056_o-1-717x1024.jpg\" alt=\"\" class=\"wp-image-376\" srcset=\"http:\/\/www.twiga.org.pl\/wp-content\/uploads\/2020\/03\/78884494_114803336670848_823094773920301056_o-1-717x1024.jpg 717w, http:\/\/www.twiga.org.pl\/wp-content\/uploads\/2020\/03\/78884494_114803336670848_823094773920301056_o-1-210x300.jpg 210w, http:\/\/www.twiga.org.pl\/wp-content\/uploads\/2020\/03\/78884494_114803336670848_823094773920301056_o-1-768x1097.jpg 768w, http:\/\/www.twiga.org.pl\/wp-content\/uploads\/2020\/03\/78884494_114803336670848_823094773920301056_o-1.jpg 1241w\" sizes=\"(max-width: 717px) 100vw, 717px\" \/><\/figure>\n","protected":false},"excerpt":{"rendered":"<p>W \u015brod\u0119 19 lutego 2020 o godz. 18.00 Biblioteka Publiczna m.st. Warszawy &#8211; Biblioteka G\u0142\u00f3wna Wojew\u00f3dztwa Mazowieckiego we wsp\u00f3\u0142pracy z Polskim Towarzystwem Afrykanistycznym, Katedr\u0105 J\u0119zyk\u00f3w i Kultur Afryki Uniwersytetu Warszawskiego, Staromiejskim Domem Kultury oraz Festiwalem AfryKamera\u00a0zaprasza na spotkanie z cyklu\u00a0Afryka na Koszykowej: \u201eOni nie znaj\u0105 naszej sztuki. Graffiti w Kenii\u201d \u2013 pokaz filmu i spotkanie &hellip;<\/p>\n<p class=\"read-more\"> <a class=\"zta-button\" href=\"http:\/\/www.twiga.org.pl\/index.php\/2020\/02\/10\/pokaz-filmu-oni-nie-znaja-naszej-sztuki-graffiti-w-kenii-w-ramach-cyklu-afryka-na-koszykowej\/\"> <span class=\"screen-reader-text\">Pokaz filmu Oni nie znaj\u0105 naszej sztuki. Graffiti w Kenii  w ramach cyklu Afryka na Koszykowej<\/span>Czytaj wi\u0119cej!<\/a><\/p>\n","protected":false},"author":1,"featured_media":0,"comment_status":"closed","ping_status":"open","sticky":false,"template":"","format":"standard","meta":[],"categories":[8],"tags":[],"_links":{"self":[{"href":"http:\/\/www.twiga.org.pl\/index.php\/wp-json\/wp\/v2\/posts\/375"}],"collection":[{"href":"http:\/\/www.twiga.org.pl\/index.php\/wp-json\/wp\/v2\/posts"}],"about":[{"href":"http:\/\/www.twiga.org.pl\/index.php\/wp-json\/wp\/v2\/types\/post"}],"author":[{"embeddable":true,"href":"http:\/\/www.twiga.org.pl\/index.php\/wp-json\/wp\/v2\/users\/1"}],"replies":[{"embeddable":true,"href":"http:\/\/www.twiga.org.pl\/index.php\/wp-json\/wp\/v2\/comments?post=375"}],"version-history":[{"count":1,"href":"http:\/\/www.twiga.org.pl\/index.php\/wp-json\/wp\/v2\/posts\/375\/revisions"}],"predecessor-version":[{"id":377,"href":"http:\/\/www.twiga.org.pl\/index.php\/wp-json\/wp\/v2\/posts\/375\/revisions\/377"}],"wp:attachment":[{"href":"http:\/\/www.twiga.org.pl\/index.php\/wp-json\/wp\/v2\/media?parent=375"}],"wp:term":[{"taxonomy":"category","embeddable":true,"href":"http:\/\/www.twiga.org.pl\/index.php\/wp-json\/wp\/v2\/categories?post=375"},{"taxonomy":"post_tag","embeddable":true,"href":"http:\/\/www.twiga.org.pl\/index.php\/wp-json\/wp\/v2\/tags?post=375"}],"curies":[{"name":"wp","href":"https:\/\/api.w.org\/{rel}","templated":true}]}}