{"id":361,"date":"2019-12-31T16:53:10","date_gmt":"2019-12-31T16:53:10","guid":{"rendered":"http:\/\/www.twiga.org.pl\/?p=361"},"modified":"2020-03-21T17:00:00","modified_gmt":"2020-03-21T17:00:00","slug":"roznorodnie-zintegrowani-podsumowanie-projektu","status":"publish","type":"post","link":"http:\/\/www.twiga.org.pl\/index.php\/2019\/12\/31\/roznorodnie-zintegrowani-podsumowanie-projektu\/","title":{"rendered":"R\u00f3\u017cnorodnie zintegrowani &#8211; podsumowanie projektu"},"content":{"rendered":"\n<p> Od <strong>listopada do grudnia 2019<\/strong> roku byli\u015bmy w gronie partner\u00f3w realizuj\u0105cych <strong>projekt wpieraj\u0105cy migrant\u00f3w w procesie integracji w Polsce<\/strong> \u2013 tym razem poprzez podwy\u017cszanie ich kompetencji j\u0119zykowych w zakresie przygotowania do podj\u0119cia pracy zarobkowej w Polsce lub jej zmiany na lepsz\u0105 \u2013 bardziej zbli\u017con\u0105 do kompetencji uczestnik\u00f3w.\u00a0 <\/p>\n\n\n\n<p>Projekt\nrealizowany by\u0142 g\u0142\u00f3wnie w Staromiejskim Domu Kultury, uczestnicy pochodzili z\nro\u017cnych pa\u0144stw, grup spo\u0142ecznych, narodowo\u015bciowych, kulturowych oraz wiekowych.\nWa\u017cnym elementem projektu by\u0142 wzrost kompetencji uczestnik\u00f3w i dzielenie si\u0119\nnimi z odbiorcami. Szczeg\u00f3lny nacisk kierowany by\u0142 na stwarzanie mo\u017cliwo\u015bci i\nklimatu dla jak najlepszej integracji migrant\u00f3w przebywaj\u0105cych w Polsce z\nPolakami oraz innymi migrantami, dzielenie si\u0119 zwyczajami, kultur\u0105,\ndo\u015bwiadczeniami i wsp\u00f3lne sp\u0119dzanie czasu. <\/p>\n\n\n\n<p>Migranci otrzymali twarde kompetencje w postaci podniesienia kwalifikacji j\u0119zykowych w zakresie terminologii zwi\u0105zanej z poszukiwaniem pracy, rozmowami kwalifikacyjnymi i zwrotami u\u017cywanymi w trakcie prac biurowych itp.\u00a0 oraz dostali przestrze\u0144 i mo\u017cliwo\u015b\u0107 prowadzenia dzia\u0142a\u0144, dzielenia si\u0119 w\u0142asn\u0105 kultur\u0105 i kompetencjami \u2013 wiele os\u00f3b niestety zmuszona jest pracowa\u0107 poni\u017cej swoich kompetencji , natomiast w tym projekcie dostali mo\u017cliwo\u015b\u0107\u00a0 wykorzystania swoich kwalifikacji. Na projekt sk\u0142ada\u0142y si\u0119 r\u00f3wnie\u017c indywidualne porady i konsultacje dla migrant\u00f3w podczas, kt\u00f3rych mieli oni mo\u017cliwo\u015b\u0107 przedyskutowania swoich indywidualnych przypadk\u00f3w, konkretnych sytuacji i problem\u00f3w lub te\u017c otrzymywali wsparcie w sytuacjach niejasnych dotycz\u0105cych zar\u00f3wno integracji jak te\u017c problem\u00f3w wynikaj\u0105cych ze zmaganiem si\u0119 z uprzedzeniami czy formami dyskryminacji. Uczestnicy wydarze\u0144 integracyjnych pochodzili z r\u00f3\u017cnych dzielnic z obszaru ca\u0142ej\u00a0 Warszawy.  <\/p>\n\n\n\n<p><strong>Zapraszamy do obejrzenia dokumentacji filmowej projektu:<\/strong><\/p>\n\n\n\n<figure class=\"wp-block-embed-youtube wp-block-embed is-type-video is-provider-youtube wp-embed-aspect-16-9 wp-has-aspect-ratio\"><div class=\"wp-block-embed__wrapper\">\n<iframe loading=\"lazy\" title=\"R\u00f3\u017cnorodnie zintegrowani   dokumentacja projektu edukacji kulturalnej\" width=\"640\" height=\"360\" src=\"https:\/\/www.youtube.com\/embed\/RYg7fL1YORg?start=7&#038;feature=oembed\" frameborder=\"0\" allow=\"accelerometer; autoplay; encrypted-media; gyroscope; picture-in-picture\" allowfullscreen><\/iframe>\n<\/div><\/figure>\n\n\n\n<p>Projekt <strong>\u201cR\u00f3\u017cnorodnie zintegrowani\u201d<\/strong> koordynowany by\u0142 przez Staromiejski Dom Kultury. Partnerzy to: Fundacja Twiga, Fundacja dla Somalii, Fundacja Adulis.<\/p>\n\n\n\n<p>Projekt \u201cR\u00f3\u017cnorodnie zintegrowani\u201d realizowany by\u0142 od listopada do grudnia 2019 i by\u0142 finansowany w ramach <strong>Funduszu Animacji Kultury <\/strong>M.st. Warszawa.<\/p>\n","protected":false},"excerpt":{"rendered":"<p>Od listopada do grudnia 2019 roku byli\u015bmy w gronie partner\u00f3w realizuj\u0105cych projekt wpieraj\u0105cy migrant\u00f3w w procesie integracji w Polsce \u2013 tym razem poprzez podwy\u017cszanie ich kompetencji j\u0119zykowych w zakresie przygotowania do podj\u0119cia pracy zarobkowej w Polsce lub jej zmiany na lepsz\u0105 \u2013 bardziej zbli\u017con\u0105 do kompetencji uczestnik\u00f3w.\u00a0 Projekt realizowany by\u0142 g\u0142\u00f3wnie w Staromiejskim Domu Kultury, &hellip;<\/p>\n<p class=\"read-more\"> <a class=\"zta-button\" href=\"http:\/\/www.twiga.org.pl\/index.php\/2019\/12\/31\/roznorodnie-zintegrowani-podsumowanie-projektu\/\"> <span class=\"screen-reader-text\">R\u00f3\u017cnorodnie zintegrowani &#8211; podsumowanie projektu<\/span>Czytaj wi\u0119cej!<\/a><\/p>\n","protected":false},"author":1,"featured_media":0,"comment_status":"closed","ping_status":"open","sticky":false,"template":"","format":"standard","meta":[],"categories":[5],"tags":[],"_links":{"self":[{"href":"http:\/\/www.twiga.org.pl\/index.php\/wp-json\/wp\/v2\/posts\/361"}],"collection":[{"href":"http:\/\/www.twiga.org.pl\/index.php\/wp-json\/wp\/v2\/posts"}],"about":[{"href":"http:\/\/www.twiga.org.pl\/index.php\/wp-json\/wp\/v2\/types\/post"}],"author":[{"embeddable":true,"href":"http:\/\/www.twiga.org.pl\/index.php\/wp-json\/wp\/v2\/users\/1"}],"replies":[{"embeddable":true,"href":"http:\/\/www.twiga.org.pl\/index.php\/wp-json\/wp\/v2\/comments?post=361"}],"version-history":[{"count":1,"href":"http:\/\/www.twiga.org.pl\/index.php\/wp-json\/wp\/v2\/posts\/361\/revisions"}],"predecessor-version":[{"id":362,"href":"http:\/\/www.twiga.org.pl\/index.php\/wp-json\/wp\/v2\/posts\/361\/revisions\/362"}],"wp:attachment":[{"href":"http:\/\/www.twiga.org.pl\/index.php\/wp-json\/wp\/v2\/media?parent=361"}],"wp:term":[{"taxonomy":"category","embeddable":true,"href":"http:\/\/www.twiga.org.pl\/index.php\/wp-json\/wp\/v2\/categories?post=361"},{"taxonomy":"post_tag","embeddable":true,"href":"http:\/\/www.twiga.org.pl\/index.php\/wp-json\/wp\/v2\/tags?post=361"}],"curies":[{"name":"wp","href":"https:\/\/api.w.org\/{rel}","templated":true}]}}