{"id":229,"date":"2019-10-14T08:50:42","date_gmt":"2019-10-14T08:50:42","guid":{"rendered":"http:\/\/www.twiga.org.pl\/?p=229"},"modified":"2020-03-21T16:53:04","modified_gmt":"2020-03-21T16:53:04","slug":"roznorodnie-zintgrowani","status":"publish","type":"post","link":"http:\/\/www.twiga.org.pl\/index.php\/2019\/10\/14\/roznorodnie-zintgrowani\/","title":{"rendered":"R\u00f3\u017cnorodnie zintegrowani &#8211; zaczynamy kolejny projekt dla migrant\u00f3w"},"content":{"rendered":"\n<p>Do\u0142\u0105czyli\u015bmy do partner\u00f3w kolejnego wa\u017cnego projektu wpieraj\u0105ce migrant\u00f3w w procesie integracji w Polsce &#8211; tym razem poprzez podwy\u017cszanie ich kompetencji j\u0119zykowych w zakresie przygotowania do podj\u0119cia pracy zarobkowej w Polsce lub jej zmiany na lepsz\u0105 &#8211;  bardziej zbli\u017con\u0105 do kompetencji uczestnik\u00f3w. W ramach projektu odbywa\u0107 si\u0119 b\u0119d\u0105 te\u017c konsultacje dotycz\u0105ce formalnych aspekt\u00f3w i proces\u00f3w integracji w\u0142\u0105cznie z procedurami dotycz\u0105cymi pracy lub pobytu a tak\u017ce wsparcia kulturowego.   Uczestnicy projektu b\u0119d\u0105 mieli te\u017c mo\u017cliwo\u015b\u0107 dzielenia si\u0119 swoj\u0105 kultur\u0105 i umiej\u0119tno\u015bciami poprzez warsztaty i spotkania, w kt\u00f3rych to oni wchodzili w rol\u0119 lider\u00f3w.<\/p>\n\n\n\n<p>Projekt \u201cR\u00f3\u017cnorodnie zintegrowani\u201d koordynowany jest przez Staromiejski Dom Kultury. Partnerzy to: Fundacja Twiga, Fundacja dla Somalii, Fundacja Adulis.<\/p>\n\n\n\n<p>Projekt  \u201cR\u00f3\u017cnorodnie zintegrowani\u201d potrwa od listopada do grudnia 2019 i jest finansowany w ramach Funduszu Animacji Kultury M.st. Warszawa.<\/p>\n\n\n\n<p><\/p>\n","protected":false},"excerpt":{"rendered":"<p>Do\u0142\u0105czyli\u015bmy do partner\u00f3w kolejnego wa\u017cnego projektu wpieraj\u0105ce migrant\u00f3w w procesie integracji w Polsce &#8211; tym razem poprzez podwy\u017cszanie ich kompetencji j\u0119zykowych w zakresie przygotowania do podj\u0119cia pracy zarobkowej w Polsce lub jej zmiany na lepsz\u0105 &#8211; bardziej zbli\u017con\u0105 do kompetencji uczestnik\u00f3w. W ramach projektu odbywa\u0107 si\u0119 b\u0119d\u0105 te\u017c konsultacje dotycz\u0105ce formalnych aspekt\u00f3w i proces\u00f3w integracji &hellip;<\/p>\n<p class=\"read-more\"> <a class=\"zta-button\" href=\"http:\/\/www.twiga.org.pl\/index.php\/2019\/10\/14\/roznorodnie-zintgrowani\/\"> <span class=\"screen-reader-text\">R\u00f3\u017cnorodnie zintegrowani &#8211; zaczynamy kolejny projekt dla migrant\u00f3w<\/span>Czytaj wi\u0119cej!<\/a><\/p>\n","protected":false},"author":1,"featured_media":0,"comment_status":"closed","ping_status":"open","sticky":false,"template":"","format":"standard","meta":[],"categories":[8],"tags":[],"_links":{"self":[{"href":"http:\/\/www.twiga.org.pl\/index.php\/wp-json\/wp\/v2\/posts\/229"}],"collection":[{"href":"http:\/\/www.twiga.org.pl\/index.php\/wp-json\/wp\/v2\/posts"}],"about":[{"href":"http:\/\/www.twiga.org.pl\/index.php\/wp-json\/wp\/v2\/types\/post"}],"author":[{"embeddable":true,"href":"http:\/\/www.twiga.org.pl\/index.php\/wp-json\/wp\/v2\/users\/1"}],"replies":[{"embeddable":true,"href":"http:\/\/www.twiga.org.pl\/index.php\/wp-json\/wp\/v2\/comments?post=229"}],"version-history":[{"count":5,"href":"http:\/\/www.twiga.org.pl\/index.php\/wp-json\/wp\/v2\/posts\/229\/revisions"}],"predecessor-version":[{"id":360,"href":"http:\/\/www.twiga.org.pl\/index.php\/wp-json\/wp\/v2\/posts\/229\/revisions\/360"}],"wp:attachment":[{"href":"http:\/\/www.twiga.org.pl\/index.php\/wp-json\/wp\/v2\/media?parent=229"}],"wp:term":[{"taxonomy":"category","embeddable":true,"href":"http:\/\/www.twiga.org.pl\/index.php\/wp-json\/wp\/v2\/categories?post=229"},{"taxonomy":"post_tag","embeddable":true,"href":"http:\/\/www.twiga.org.pl\/index.php\/wp-json\/wp\/v2\/tags?post=229"}],"curies":[{"name":"wp","href":"https:\/\/api.w.org\/{rel}","templated":true}]}}