{"id":125,"date":"2019-10-03T12:59:12","date_gmt":"2019-10-03T12:59:12","guid":{"rendered":"http:\/\/www.twiga.org.pl\/?p=125"},"modified":"2019-10-14T08:22:36","modified_gmt":"2019-10-14T08:22:36","slug":"dni-afryki-2019","status":"publish","type":"post","link":"http:\/\/www.twiga.org.pl\/index.php\/2019\/10\/03\/dni-afryki-2019\/","title":{"rendered":"Dni Afryki 2019"},"content":{"rendered":"\t\t<div data-elementor-type=\"wp-post\" data-elementor-id=\"125\" class=\"elementor elementor-125\" data-elementor-settings=\"[]\">\n\t\t\t\t\t\t<div class=\"elementor-inner\">\n\t\t\t\t\t\t\t<div class=\"elementor-section-wrap\">\n\t\t\t\t\t\t\t<section class=\"elementor-section elementor-top-section elementor-element elementor-element-16923f3a elementor-section-boxed elementor-section-height-default elementor-section-height-default\" data-id=\"16923f3a\" data-element_type=\"section\">\n\t\t\t\t\t\t<div class=\"elementor-container elementor-column-gap-default\">\n\t\t\t\t\t\t\t<div class=\"elementor-row\">\n\t\t\t\t\t<div class=\"elementor-column elementor-col-100 elementor-top-column elementor-element elementor-element-5d0802a9\" data-id=\"5d0802a9\" data-element_type=\"column\">\n\t\t\t<div class=\"elementor-column-wrap elementor-element-populated\">\n\t\t\t\t\t\t\t<div class=\"elementor-widget-wrap\">\n\t\t\t\t\t\t<div class=\"elementor-element elementor-element-33a77bbc elementor-widget elementor-widget-text-editor\" data-id=\"33a77bbc\" data-element_type=\"widget\" data-widget_type=\"text-editor.default\">\n\t\t\t\t<div class=\"elementor-widget-container\">\n\t\t\t\t\t\t\t\t<div class=\"elementor-text-editor elementor-clearfix\">\n\t\t\t\t\t<p><!-- wp:heading --><\/p>\n<p><span style=\"font-size: 16px; background-color: transparent;\">W maju i czerwcu 2019 roku obchodzili\u015bmy Dni Afryki. Od kilku lat Staromiejski Dom Kultury oraz Katedra J\u0119zyk\u00f3w i Kultur Afryki organizuj\u0105 szereg wydarze\u0144 pokazuj\u0105cych bogactwa kultur afryka\u0144skich, ich dziedzictwo oraz wp\u0142yw na reszt\u0119 \u015bwiata. Podczas wydarze\u0144 prezentowane i omawiane s\u0105 te\u017c wsp\u00f3\u0142czesne trendy spo\u0142eczno-kulturowe na kontynencie. Dni Afryki s\u0105 niesamowit\u0105 mo\u017cliwo\u015bci\u0105 poszerzenia <\/span><span style=\"font-size: 16px; background-color: transparent;\">swojej wiedzy o Afryce o tre\u015bci niedost\u0119pne w powszechnym obiegu informacyjnym, zweryfikowania krzywdz\u0105cych stereotyp\u00f3w oraz uwra\u017cliwienia na kultur\u0119.\u00a0<\/span><\/p>\n<p><img loading=\"lazy\" class=\"wp-image-126 aligncenter\" src=\"http:\/\/www.twiga.org.pl\/wp-content\/uploads\/2019\/10\/Dni-Afryki-plakat-2019.png\" alt=\"\" width=\"336\" height=\"472\" srcset=\"http:\/\/www.twiga.org.pl\/wp-content\/uploads\/2019\/10\/Dni-Afryki-plakat-2019.png 644w, http:\/\/www.twiga.org.pl\/wp-content\/uploads\/2019\/10\/Dni-Afryki-plakat-2019-213x300.png 213w\" sizes=\"(max-width: 336px) 100vw, 336px\" \/><\/p>\n<p><span style=\"font-size: 16px; font-style: normal; font-weight: 400; background-color: transparent;\">Co roku wydarzenie przyci\u0105ga kolejnych partner\u00f3w i coraz to nowych zwolennik\u00f3w oraz skupia wiernych fan\u00f3w. W tym roku Fundacja Twiga po raz pierwszy mia\u0142a mo\u017cliwo\u015b\u0107 do\u0142\u0105czenia do wspania\u0142ego grona\u00a0<\/span><span style=\"font-size: 16px; background-color: transparent;\">organizator\u00f3w i partner\u00f3w tego wa\u017cnego wydarzenia poprzez spotkania:\u00a0<\/span><\/p>\n<ul>\n<li><span style=\"font-size: 16px; background-color: transparent;\">\u00a0 Kenijskie graffiti &#8211; aktywizm czy sztuka.<\/span><\/li>\n<li><span style=\"font-size: 16px; background-color: transparent;\">\u00a0Afrofuturyzm &#8211; przejawy w literaturze i sztuce.<\/span><\/li>\n<li><span style=\"font-size: 16px; background-color: transparent;\">\u00a0Czy wiesz, \u017ce Somalia &#8230; ?<\/span><\/li>\n<li><span style=\"font-size: 16px; background-color: transparent;\">\u00a0Rola kobiet w kulturze Erytrei.<\/span><\/li>\n<\/ul>\n<div>\u00a0<\/div>\n<p><!-- \/wp:image --><\/p>\t\t\t\t\t<\/div>\n\t\t\t\t\t\t<\/div>\n\t\t\t\t<\/div>\n\t\t\t\t\t\t<\/div>\n\t\t\t\t\t<\/div>\n\t\t<\/div>\n\t\t\t\t\t\t\t\t<\/div>\n\t\t\t\t\t<\/div>\n\t\t<\/section>\n\t\t\t\t\t\t<\/div>\n\t\t\t\t\t\t<\/div>\n\t\t\t\t\t<\/div>\n\t\t","protected":false},"excerpt":{"rendered":"<p>W maju i czerwcu 2019 roku obchodzili\u015bmy Dni Afryki. Od kilku lat Staromiejski Dom Kultury oraz Katedra J\u0119zyk\u00f3w i Kultur Afryki organizuj\u0105 szereg wydarze\u0144 pokazuj\u0105cych bogactwa kultur afryka\u0144skich, ich dziedzictwo oraz wp\u0142yw na reszt\u0119 \u015bwiata. Podczas wydarze\u0144 prezentowane i omawiane s\u0105 te\u017c wsp\u00f3\u0142czesne trendy spo\u0142eczno-kulturowe na kontynencie. Dni Afryki s\u0105 niesamowit\u0105 mo\u017cliwo\u015bci\u0105 poszerzenia swojej wiedzy &hellip;<\/p>\n<p class=\"read-more\"> <a class=\"zta-button\" href=\"http:\/\/www.twiga.org.pl\/index.php\/2019\/10\/03\/dni-afryki-2019\/\"> <span class=\"screen-reader-text\">Dni Afryki 2019<\/span>Czytaj wi\u0119cej!<\/a><\/p>\n","protected":false},"author":3,"featured_media":0,"comment_status":"closed","ping_status":"open","sticky":false,"template":"","format":"standard","meta":[],"categories":[5],"tags":[],"_links":{"self":[{"href":"http:\/\/www.twiga.org.pl\/index.php\/wp-json\/wp\/v2\/posts\/125"}],"collection":[{"href":"http:\/\/www.twiga.org.pl\/index.php\/wp-json\/wp\/v2\/posts"}],"about":[{"href":"http:\/\/www.twiga.org.pl\/index.php\/wp-json\/wp\/v2\/types\/post"}],"author":[{"embeddable":true,"href":"http:\/\/www.twiga.org.pl\/index.php\/wp-json\/wp\/v2\/users\/3"}],"replies":[{"embeddable":true,"href":"http:\/\/www.twiga.org.pl\/index.php\/wp-json\/wp\/v2\/comments?post=125"}],"version-history":[{"count":12,"href":"http:\/\/www.twiga.org.pl\/index.php\/wp-json\/wp\/v2\/posts\/125\/revisions"}],"predecessor-version":[{"id":225,"href":"http:\/\/www.twiga.org.pl\/index.php\/wp-json\/wp\/v2\/posts\/125\/revisions\/225"}],"wp:attachment":[{"href":"http:\/\/www.twiga.org.pl\/index.php\/wp-json\/wp\/v2\/media?parent=125"}],"wp:term":[{"taxonomy":"category","embeddable":true,"href":"http:\/\/www.twiga.org.pl\/index.php\/wp-json\/wp\/v2\/categories?post=125"},{"taxonomy":"post_tag","embeddable":true,"href":"http:\/\/www.twiga.org.pl\/index.php\/wp-json\/wp\/v2\/tags?post=125"}],"curies":[{"name":"wp","href":"https:\/\/api.w.org\/{rel}","templated":true}]}}