{"id":1014,"date":"2023-05-25T10:54:00","date_gmt":"2023-05-25T10:54:00","guid":{"rendered":"http:\/\/www.twiga.org.pl\/?p=1014"},"modified":"2024-11-22T10:56:58","modified_gmt":"2024-11-22T10:56:58","slug":"dzien-afryki-w-arce-lukasza-podolskiego","status":"publish","type":"post","link":"http:\/\/www.twiga.org.pl\/index.php\/2023\/05\/25\/dzien-afryki-w-arce-lukasza-podolskiego\/","title":{"rendered":"Dzie\u0144\u00a0Afryki w Arce Lukasza Podolskiego."},"content":{"rendered":"\n<p>25 maja obchodzimy Dzie\u0144 Afryki i\u00a0z tej okazji Senait Ciepli\u0144ska,\u00a0 Przewodnicz\u0105ca Rady Fundacji Twiga, opowiedzia\u0142a podopiecznym Arka Lukasza Podolskiego o Erytrei. \u00a0By\u0142o te\u017c przymierzanie tradycyjnych ubra\u0144, wsp\u00f3lne ta\u0144ce i gra na b\u0119benku.<\/p>\n\n\n\n<figure class=\"wp-block-gallery columns-2 is-cropped\"><ul class=\"blocks-gallery-grid\"><li class=\"blocks-gallery-item\"><figure><img loading=\"lazy\" width=\"1024\" height=\"768\" src=\"http:\/\/www.twiga.org.pl\/wp-content\/uploads\/2024\/11\/Afryka-1-1-1024x768.jpg\" alt=\"\" data-id=\"1016\" data-full-url=\"http:\/\/www.twiga.org.pl\/wp-content\/uploads\/2024\/11\/Afryka-1-1.jpg\" data-link=\"http:\/\/www.twiga.org.pl\/?attachment_id=1016\" class=\"wp-image-1016\" srcset=\"http:\/\/www.twiga.org.pl\/wp-content\/uploads\/2024\/11\/Afryka-1-1-1024x768.jpg 1024w, http:\/\/www.twiga.org.pl\/wp-content\/uploads\/2024\/11\/Afryka-1-1-300x225.jpg 300w, http:\/\/www.twiga.org.pl\/wp-content\/uploads\/2024\/11\/Afryka-1-1-768x576.jpg 768w, http:\/\/www.twiga.org.pl\/wp-content\/uploads\/2024\/11\/Afryka-1-1-1536x1152.jpg 1536w, http:\/\/www.twiga.org.pl\/wp-content\/uploads\/2024\/11\/Afryka-1-1.jpg 2048w\" sizes=\"(max-width: 1024px) 100vw, 1024px\" \/><\/figure><\/li><li class=\"blocks-gallery-item\"><figure><img loading=\"lazy\" width=\"768\" height=\"1024\" src=\"http:\/\/www.twiga.org.pl\/wp-content\/uploads\/2024\/11\/Afryka-3-768x1024.jpg\" alt=\"\" data-id=\"1017\" data-full-url=\"http:\/\/www.twiga.org.pl\/wp-content\/uploads\/2024\/11\/Afryka-3.jpg\" data-link=\"http:\/\/www.twiga.org.pl\/?attachment_id=1017\" class=\"wp-image-1017\" srcset=\"http:\/\/www.twiga.org.pl\/wp-content\/uploads\/2024\/11\/Afryka-3-768x1024.jpg 768w, http:\/\/www.twiga.org.pl\/wp-content\/uploads\/2024\/11\/Afryka-3-225x300.jpg 225w, http:\/\/www.twiga.org.pl\/wp-content\/uploads\/2024\/11\/Afryka-3-1152x1536.jpg 1152w, http:\/\/www.twiga.org.pl\/wp-content\/uploads\/2024\/11\/Afryka-3.jpg 1536w\" sizes=\"(max-width: 768px) 100vw, 768px\" \/><\/figure><\/li><\/ul><\/figure>\n","protected":false},"excerpt":{"rendered":"<p>25 maja obchodzimy Dzie\u0144 Afryki i\u00a0z tej okazji Senait Ciepli\u0144ska,\u00a0 Przewodnicz\u0105ca Rady Fundacji Twiga, opowiedzia\u0142a podopiecznym Arka Lukasza Podolskiego o Erytrei. \u00a0By\u0142o te\u017c przymierzanie tradycyjnych ubra\u0144, wsp\u00f3lne ta\u0144ce i gra na b\u0119benku.<\/p>\n","protected":false},"author":1,"featured_media":1015,"comment_status":"closed","ping_status":"open","sticky":false,"template":"","format":"standard","meta":[],"categories":[8],"tags":[],"_links":{"self":[{"href":"http:\/\/www.twiga.org.pl\/index.php\/wp-json\/wp\/v2\/posts\/1014"}],"collection":[{"href":"http:\/\/www.twiga.org.pl\/index.php\/wp-json\/wp\/v2\/posts"}],"about":[{"href":"http:\/\/www.twiga.org.pl\/index.php\/wp-json\/wp\/v2\/types\/post"}],"author":[{"embeddable":true,"href":"http:\/\/www.twiga.org.pl\/index.php\/wp-json\/wp\/v2\/users\/1"}],"replies":[{"embeddable":true,"href":"http:\/\/www.twiga.org.pl\/index.php\/wp-json\/wp\/v2\/comments?post=1014"}],"version-history":[{"count":1,"href":"http:\/\/www.twiga.org.pl\/index.php\/wp-json\/wp\/v2\/posts\/1014\/revisions"}],"predecessor-version":[{"id":1018,"href":"http:\/\/www.twiga.org.pl\/index.php\/wp-json\/wp\/v2\/posts\/1014\/revisions\/1018"}],"wp:featuredmedia":[{"embeddable":true,"href":"http:\/\/www.twiga.org.pl\/index.php\/wp-json\/wp\/v2\/media\/1015"}],"wp:attachment":[{"href":"http:\/\/www.twiga.org.pl\/index.php\/wp-json\/wp\/v2\/media?parent=1014"}],"wp:term":[{"taxonomy":"category","embeddable":true,"href":"http:\/\/www.twiga.org.pl\/index.php\/wp-json\/wp\/v2\/categories?post=1014"},{"taxonomy":"post_tag","embeddable":true,"href":"http:\/\/www.twiga.org.pl\/index.php\/wp-json\/wp\/v2\/tags?post=1014"}],"curies":[{"name":"wp","href":"https:\/\/api.w.org\/{rel}","templated":true}]}}